[{"@context":"https:\/\/schema.org\/","@type":"Article","@id":"https:\/\/www.ppaa.cz\/uzijte-si-sve-dovolene\/#Article","mainEntityOfPage":"https:\/\/www.ppaa.cz\/uzijte-si-sve-dovolene\/","headline":"U\u017eijte si sv\u00e9 dovolen\u00e9","name":"U\u017eijte si sv\u00e9 dovolen\u00e9","description":"Pokud st\u00e1le p\u0159em\u00fd\u0161l\u00edte, kam se vyd\u00e1te za tepl\u00fdm mo\u0159em, mo\u017en\u00e1 v\u00e1s napadlo jet do Chorvatska, kter\u00e9 je takov\u00fdm v\u00fdchodiskem pro v\u0161echny \u010cechy. Nen\u00ed se \u010demu &hellip; ","datePublished":"2024-04-16","dateModified":"2024-04-16","author":{"@type":"Person","@id":"https:\/\/www.ppaa.cz\/author\/#Person","name":"","url":"https:\/\/www.ppaa.cz\/author\/","identifier":1,"image":{"@type":"ImageObject","@id":"https:\/\/secure.gravatar.com\/avatar\/046c8368865b87ac6ea06cde0e0a80b91304a43fe31de210702ad59bbd9a1974?s=96&d=mm&r=g","url":"https:\/\/secure.gravatar.com\/avatar\/046c8368865b87ac6ea06cde0e0a80b91304a43fe31de210702ad59bbd9a1974?s=96&d=mm&r=g","height":96,"width":96}},"publisher":{"@type":"Organization","name":"ppaa.cz","logo":{"@type":"ImageObject","@id":"\/logo.png","url":"\/logo.png","width":600,"height":60}},"url":"https:\/\/www.ppaa.cz\/uzijte-si-sve-dovolene\/","wordCount":254,"articleBody":"Pokud st\u00e1le p\u0159em\u00fd\u0161l\u00edte, kam se vyd\u00e1te za tepl\u00fdm mo\u0159em, mo\u017en\u00e1 v\u00e1s napadlo jet do Chorvatska, kter\u00e9 je takov\u00fdm v\u00fdchodiskem pro v\u0161echny \u010cechy. Nen\u00ed se \u010demu divit, tato zem\u011b nab\u00edz\u00ed moc kr\u00e1sn\u00e1 m\u00edsta a hlavn\u011b kr\u00e1sn\u00e9 ceny, kter\u00e9 se zal\u00edb\u00ed jak nen\u00e1ro\u010dn\u00fdm, tak skromn\u00fdm. Nez\u00e1le\u017e\u00ed proto na tom, zdali jste bohat\u00ed \u010di ne, v\u0161ichni si toti\u017e mohou dovolit dovolenou v t\u00e9to p\u0159\u00edjemn\u00e9 zemi. Na ka\u017ed\u00e9m kroku v\u00e1s bude \u010dekat n\u011bco, co v\u00e1s zaru\u010den\u011b pot\u011b\u0161\u00ed. A\u0165 u\u017e to bude mo\u0159e, kter\u00e9 je ka\u017ed\u00e9 l\u00e9to skute\u010dn\u011b p\u0159\u00edjemn\u011b tepl\u00e9 a \u010dist\u00e9, nebo t\u0159eba p\u0159\u00edroda, v\u017edy budete usm\u011bvav\u00ed a nad\u0161en\u00ed.Mnoho v\u00fdhod v t\u00e9to zemiPokud byste si cht\u011bli u\u017e\u00edt skute\u010dn\u011b kr\u00e1sn\u00e9 dovolen\u00e9, m\u016f\u017eete si b\u00fdt jisti, \u017ee tato zem\u011b je pro v\u00e1s jako stvo\u0159en\u00e1. D\u00edky tomu, \u017ee nab\u00edz\u00ed opravdu stylov\u00e9 a dostupn\u00e9 apartm\u00e1ny Chorvatsko, nebudete litovat, kdy\u017e se sem vyd\u00e1te. Opravdu m\u016f\u017eete i sv\u00e9pomoc\u00ed, a to d\u00edky tomu, \u017ee se v t\u00e9to zemi v \u017e\u00e1dn\u00e9m p\u0159\u00edpad\u011b neztrat\u00edte. P\u0159eci jen, budete vzd\u00e1leni od \u010cR jen n\u011bkolik m\u00e1lo p\u0159es p\u011bt set kilometr\u016f, co\u017e nen\u00ed v\u016fbec velk\u00e1 d\u00e1lka na to, abyste museli m\u00edt obavy o n\u011bjakou orientaci.                                                                                                                                                                                                                                                                                                                                                                                        4.4\/5 - (10 votes)        "},{"@context":"https:\/\/schema.org\/","@type":"BreadcrumbList","itemListElement":[{"@type":"ListItem","position":1,"name":"U\u017eijte si sv\u00e9 dovolen\u00e9","item":"https:\/\/www.ppaa.cz\/uzijte-si-sve-dovolene\/#breadcrumbitem"}]}]