[{"@context":"https:\/\/schema.org\/","@type":"Article","@id":"https:\/\/www.ppaa.cz\/sedaci-vaky-duo-cervene-ozivi-vas-domov\/#Article","mainEntityOfPage":"https:\/\/www.ppaa.cz\/sedaci-vaky-duo-cervene-ozivi-vas-domov\/","headline":"Sedac\u00ed vaky DUO \u010derven\u00e9 o\u017eiv\u00ed v\u00e1\u0161 domov","name":"Sedac\u00ed vaky DUO \u010derven\u00e9 o\u017eiv\u00ed v\u00e1\u0161 domov","description":"Pohodl\u00ed versus retro styl \u2013 m\u00e1te tak\u00e9 dost nab\u00eddek sedac\u00edch souprav s rovn\u00fdmi sed\u00e1ky, kter\u00e9 jsou sice vkusn\u00fdm dopl\u0148kem v retro stylu \u0161edes\u00e1t\u00fdch let minul\u00e9ho &hellip; ","datePublished":"2020-09-15","dateModified":"2023-05-31","author":{"@type":"Person","@id":"https:\/\/www.ppaa.cz\/author\/#Person","name":"","url":"https:\/\/www.ppaa.cz\/author\/","identifier":1,"image":{"@type":"ImageObject","@id":"https:\/\/secure.gravatar.com\/avatar\/046c8368865b87ac6ea06cde0e0a80b91304a43fe31de210702ad59bbd9a1974?s=96&d=mm&r=g","url":"https:\/\/secure.gravatar.com\/avatar\/046c8368865b87ac6ea06cde0e0a80b91304a43fe31de210702ad59bbd9a1974?s=96&d=mm&r=g","height":96,"width":96}},"publisher":{"@type":"Organization","name":"ppaa.cz","logo":{"@type":"ImageObject","@id":"\/logo.png","url":"\/logo.png","width":600,"height":60}},"image":{"@type":"ImageObject","@id":"https:\/\/www.ppaa.cz\/wp-content\/uploads\/sedac%C3%AD%20vak_4.png","url":"https:\/\/www.ppaa.cz\/wp-content\/uploads\/sedac%C3%AD%20vak_4.png","height":0,"width":0},"url":"https:\/\/www.ppaa.cz\/sedaci-vaky-duo-cervene-ozivi-vas-domov\/","about":["Zbo\u017e\u00ed"],"wordCount":389,"articleBody":"   Pohodl\u00ed versus retro styl \u2013 m\u00e1te tak\u00e9 dost nab\u00eddek sedac\u00edch souprav s rovn\u00fdmi sed\u00e1ky, kter\u00e9 jsou sice vkusn\u00fdm dopl\u0148kem v retro stylu \u0161edes\u00e1t\u00fdch let minul\u00e9ho stolet\u00ed, ov\u0161em s pohodl\u00edm nemaj\u00ed nic spole\u010dn\u00e9ho? Sta\u010d\u00ed se pod\u00edvat do n\u011bkter\u00e9ho z reklamn\u00edch let\u00e1k\u016f specializovan\u00fdch obchod\u016f \u010di v\u00fdrobc\u016f n\u00e1bytku, kde tyto v\u00fdrobky p\u0159eva\u017euj\u00ed. Kdy\u017e se na n\u011b posad\u00edte, p\u00e1te\u0159 se prohne tak, \u017ee p\u0159et\u00ed\u017e\u00ed bedern\u00ed oblast, a pr\u00e1v\u011b ta by naopak pot\u0159ebovala nejv\u00edce uvolnit. Ve\u0161ker\u00e1 v\u00e1ha va\u0161eho t\u011bla v tomto okam\u017eiku spo\u010d\u00edv\u00e1 na t\u011bchto obratl\u00edch, z\u00e1rove\u0148 s t\u00edm jsou napnut\u00e9 okoln\u00ed svaly, a po n\u011bkolika minut\u00e1ch si mus\u00edte p\u0159esednout a nap\u011bt\u00ed alespo\u0148 na okam\u017eik uvolnit.Kr\u00e1tce po druh\u00e9 sv\u011btov\u00e9 v\u00e1lce se n\u011bkte\u0159\u00ed lid\u00e9 zam\u00fd\u0161leli nad tvorbou pohodln\u011bj\u0161\u00edho posezen\u00ed. A tak vznikl prvn\u00ed sedac\u00ed pytel, tehdy zpo\u010d\u00e1tku vypln\u011bn\u00fd p\u0159\u00edrodn\u00edmi materi\u00e1ly a pozd\u011bji polystyrenovou odpadn\u00ed drt\u00ed. Brzy se v\u0161ak zjistilo, \u017ee nejv\u00fdhodn\u011bj\u0161\u00ed vlastnosti maj\u00ed kuli\u010dky shodn\u00e9ho rozm\u011bru, zn\u00e1m\u00e9 pod patentovan\u00fdm n\u00e1zvem EPS (expanded polystyren).Co lze od sedac\u00edho vaku o\u010dek\u00e1vat? Velmi mal\u00e9 kuli\u010dky, o pr\u016fm\u011bru zhruba p\u016fl centimetru, se dokonale p\u0159izp\u016fsob\u00ed tvaru lidsk\u00e9ho t\u011bla. Obejmou jej tak, \u017ee se uvoln\u00ed tak\u0159\u00edkaj\u00edc v\u0161echny svalov\u00e9 partie, z\u00e1rove\u0148 se nap\u011bt\u00ed zp\u016fsoben\u00e9 gravita\u010dn\u00ed silou rozlo\u017e\u00ed do v\u0161ech sm\u011br\u016f a z\u010d\u00e1sti jej pohlt\u00ed okoln\u00ed v\u00fdpl\u0148. Je to v sou\u010dasn\u00e9 dob\u011b nejpohodln\u011bj\u0161\u00ed zp\u016fsob posezen\u00ed, jak\u00fd zn\u00e1me.\u010cerven\u00e1 barva \u2013 zad\u00e1te-li si do vyhled\u00e1va\u010de v\u00fdrazy typu \u201esedac\u00ed souprava\u201c, vyhodnot\u00ed v\u00e1m zpravidla barevn\u00e9 kombinace \u0161ed\u00e9, \u010dern\u00e9, p\u0159\u00edpadn\u011b okrov\u00e9. Jako bychom se b\u00e1li barev, p\u0159itom je barevn\u00fd sv\u011bt kolem n\u00e1s mnohem kr\u00e1sn\u011bj\u0161\u00ed. Dop\u0159ejte si barvy i doma, pro\u010d si nevybrat sedac\u00ed vaky Duo \u010derven\u00e9, nebo t\u0159eba kombinaci barev syt\u011b modr\u00e9 se \u017elutou \u010di zelenou? Barvy p\u016fsob\u00ed p\u0159\u00edzniv\u011b i na psychiku, jednak domov o\u017eiv\u00ed, rozvesel\u00ed, a zamiluj\u00ed si je i va\u0161e ratolesti.                                                                                                                                                                                                                                                                                                                                                                                         4.3\/5 - (7 votes)        "},{"@context":"https:\/\/schema.org\/","@type":"BreadcrumbList","itemListElement":[{"@type":"ListItem","position":1,"name":"Sedac\u00ed vaky DUO \u010derven\u00e9 o\u017eiv\u00ed v\u00e1\u0161 domov","item":"https:\/\/www.ppaa.cz\/sedaci-vaky-duo-cervene-ozivi-vas-domov\/#breadcrumbitem"}]}]