[{"@context":"https:\/\/schema.org\/","@type":"Article","@id":"https:\/\/www.ppaa.cz\/poklady-lednicko-valtickeho-arealu\/#Article","mainEntityOfPage":"https:\/\/www.ppaa.cz\/poklady-lednicko-valtickeho-arealu\/","headline":"Poklady Lednicko-Valtick\u00e9ho are\u00e1lu","name":"Poklady Lednicko-Valtick\u00e9ho are\u00e1lu","description":"P\u0159i toulk\u00e1ch po Morav\u011b stoj\u00ed ur\u010dit\u011b za pov\u0161imnut\u00ed kraj kolem Lednice. Mezi trochu opom\u00edjen\u00e9 stavby, kter\u00e9 jsou zaps\u00e1ny do seznamu sv\u011btov\u00e9ho d\u011bdictv\u00ed UNESCO, pat\u0159\u00ed i &hellip; ","datePublished":"2020-05-15","dateModified":"2024-03-05","author":{"@type":"Person","@id":"https:\/\/www.ppaa.cz\/author\/#Person","name":"","url":"https:\/\/www.ppaa.cz\/author\/","identifier":1,"image":{"@type":"ImageObject","@id":"https:\/\/secure.gravatar.com\/avatar\/046c8368865b87ac6ea06cde0e0a80b91304a43fe31de210702ad59bbd9a1974?s=96&d=mm&r=g","url":"https:\/\/secure.gravatar.com\/avatar\/046c8368865b87ac6ea06cde0e0a80b91304a43fe31de210702ad59bbd9a1974?s=96&d=mm&r=g","height":96,"width":96}},"publisher":{"@type":"Organization","name":"ppaa.cz","logo":{"@type":"ImageObject","@id":"\/logo.png","url":"\/logo.png","width":600,"height":60}},"image":{"@type":"ImageObject","@id":"https:\/\/www.ppaa.cz\/wp-content\/uploads\/z%C3%A1mek%20Lednice_8.jpg","url":"https:\/\/www.ppaa.cz\/wp-content\/uploads\/z%C3%A1mek%20Lednice_8.jpg","height":0,"width":0},"url":"https:\/\/www.ppaa.cz\/poklady-lednicko-valtickeho-arealu\/","about":["Slu\u017eby"],"wordCount":395,"articleBody":"      P\u0159i toulk\u00e1ch po Morav\u011b stoj\u00ed ur\u010dit\u011b za pov\u0161imnut\u00ed kraj kolem Lednice. Mezi trochu opom\u00edjen\u00e9 stavby, kter\u00e9 jsou zaps\u00e1ny do seznamu sv\u011btov\u00e9ho d\u011bdictv\u00ed UNESCO, pat\u0159\u00ed i soubor takzvan\u00fdch N\u00e1dhern\u00fdch staveb, mezi kter\u00fdmi je i kr\u00e1sn\u00fd a \u00fatuln\u00fd Rybni\u010dn\u00ed z\u00e1me\u010dek, kter\u00fd se m\u016f\u017ee py\u0161nit t\u00edm, je po mnoho let vyu\u017e\u00edvan\u00fd a neslou\u017e\u00ed jen k prohl\u00eddk\u00e1m turist\u016f.Tuto malebnou stavbu dal vybudovat zn\u00e1m\u00fd investor ve stavebnictv\u00ed kn\u00ed\u017ee Jan I. z Liechtensteinu po\u010d\u00e1tkem 19. stolet\u00ed. O stavebn\u00ed projekt se postaral v t\u00e9 dob\u011b velice zn\u00e1m\u00fd architekt z V\u00eddn\u011b, kter\u00fd z\u00e1me\u010dek stylizoval do stavby, kter\u00e1 bude prakticky vyu\u017e\u00edvan\u00e1 pro setk\u00e1n\u00ed lovc\u016f p\u0159i po\u0159\u00e1d\u00e1n\u00ed hon\u016f a lov\u016f ryb a pt\u00e1k\u016f. V z\u00e1me\u010dku bydlel m\u00edstn\u00ed hajn\u00fd, kter\u00fd se staral o honitbu a salonky a apartm\u00e1ny slou\u017eily jako z\u00e1zem\u00ed pro hosty z \u0159ad \u0161lechty. V pozd\u011bj\u0161\u00ed dob\u011b na z\u00e1me\u010dku bydlel hlavn\u00ed z\u00e1meck\u00fd zahradn\u00edk s rodinou, kter\u00fd se staral o rozlehl\u00fd z\u00e1meck\u00fd park. Na rozd\u00edl od jin\u00fdch \u0161lechtick\u00fdch s\u00eddel, kter\u00e9 v minulosti stihl nep\u011bkn\u00fd osud, kdy slou\u017eily jako sklady zem\u011bd\u011blc\u016f \u010di arm\u00e1dy a byly z velk\u00e9 \u010d\u00e1sti zni\u010deny, tento z\u00e1me\u010dek m\u011bl velik\u00e9 \u0161t\u011bst\u00ed, proto\u017ee u\u017e od po\u010d\u00e1tku dvac\u00e1t\u00e9ho stolet\u00ed byl v majetku \u010desk\u00fdch vysok\u00fdch \u0161kol a bylo o n\u011bj dob\u0159e postar\u00e1no. S rozvojem vysok\u00e9ho \u0161kolstv\u00ed si zde splnil sv\u016fj sen profesor Bayer, kter\u00fd \u0159\u00eddil zoologick\u00fd \u00fastav V\u0160Z v Brn\u011b a z\u0159\u00eddil zde biologickou v\u00fdzkumnou stanici. Po ukon\u010den\u00ed \u010dinnosti se o budovu i s origin\u00e1ln\u00edm invent\u00e1\u0159em starala Lesnick\u00e1 fakulta a provozovala zde ornitologickou expozici a\u017e do roku 2001. Dnes je budova pod p\u0159\u00edmou spr\u00e1vou rektora Mendelovy univerzity v Brn\u011b a ned\u00e1vno zde prob\u011bhly rekonstruk\u010dn\u00ed pr\u00e1ce.Reprezenta\u010dn\u00ed a obytn\u00e9 prostory lze celoro\u010dn\u011b vyu\u017e\u00edvat na r\u016fzn\u00e9 pracovn\u00ed a spole\u010densk\u00e9 akce men\u0161\u00edch rozm\u011br\u016f. Od roku 2011 m\u00e1 toto m\u00edsto svoji turistickou zn\u00e1mku.Na p\u016fd\u011b budovy se da\u0159\u00ed velik\u00e9 kolonii chr\u00e1n\u011bn\u00e9ho druhu netop\u00fdra, kter\u00e1 zde spokojen\u011b \u017eije u\u017e cel\u00e1 desetilet\u00ed.                                                                                                                                                                                                                                                                                                                                                                                          4\/5 - (4 votes)        "},{"@context":"https:\/\/schema.org\/","@type":"BreadcrumbList","itemListElement":[{"@type":"ListItem","position":1,"name":"Poklady Lednicko-Valtick\u00e9ho are\u00e1lu","item":"https:\/\/www.ppaa.cz\/poklady-lednicko-valtickeho-arealu\/#breadcrumbitem"}]}]