[{"@context":"https:\/\/schema.org\/","@type":"Article","@id":"https:\/\/www.ppaa.cz\/pad-ceske-ekonomiky\/#Article","mainEntityOfPage":"https:\/\/www.ppaa.cz\/pad-ceske-ekonomiky\/","headline":"P\u00e1d \u010cesk\u00e9 ekonomiky","name":"P\u00e1d \u010cesk\u00e9 ekonomiky","description":"&nbsp;&nbsp;&nbsp;&nbsp;&nbsp;&nbsp;&nbsp;&nbsp;&nbsp;&nbsp;&nbsp;&nbsp;&nbsp;&nbsp;&nbsp; Nejhor\u0161\u00ed ekonomickou krizi n\u00e1\u0161 st\u00e1t za\u017eil v&nbsp;letech 2008 &ndash; 2009 kdy byl v&nbsp;roce dva tis\u00edce dev\u011bt pokles hrub\u00e9ho dom\u00e1c\u00edho produktu v&nbsp;prvn\u00edm \u010dtvrtlet\u00ed o 3,4% &hellip; ","datePublished":"2020-01-12","dateModified":"2023-05-31","author":{"@type":"Person","@id":"https:\/\/www.ppaa.cz\/author\/#Person","name":"","url":"https:\/\/www.ppaa.cz\/author\/","identifier":1,"image":{"@type":"ImageObject","@id":"https:\/\/secure.gravatar.com\/avatar\/046c8368865b87ac6ea06cde0e0a80b91304a43fe31de210702ad59bbd9a1974?s=96&d=mm&r=g","url":"https:\/\/secure.gravatar.com\/avatar\/046c8368865b87ac6ea06cde0e0a80b91304a43fe31de210702ad59bbd9a1974?s=96&d=mm&r=g","height":96,"width":96}},"publisher":{"@type":"Organization","name":"ppaa.cz","logo":{"@type":"ImageObject","@id":"\/logo.png","url":"\/logo.png","width":600,"height":60}},"image":{"@type":"ImageObject","@id":"https:\/\/www.ppaa.cz\/wp-content\/uploads\/img_a367683_w4216_t1580199051.jpg","url":"https:\/\/www.ppaa.cz\/wp-content\/uploads\/img_a367683_w4216_t1580199051.jpg","height":0,"width":0},"url":"https:\/\/www.ppaa.cz\/pad-ceske-ekonomiky\/","about":["Ekonomika"],"wordCount":523,"articleBody":"&nbsp;&nbsp;&nbsp;&nbsp;&nbsp;&nbsp;&nbsp;&nbsp;&nbsp;&nbsp;&nbsp;&nbsp;&nbsp;&nbsp;&nbsp; Nejhor\u0161\u00ed ekonomickou krizi n\u00e1\u0161 st\u00e1t za\u017eil v&nbsp;letech 2008 &ndash; 2009 kdy byl v&nbsp;roce dva tis\u00edce dev\u011bt pokles hrub\u00e9ho dom\u00e1c\u00edho produktu v&nbsp;prvn\u00edm \u010dtvrtlet\u00ed o 3,4% . Za cel\u00fd tento rok se jednalo a\u017e o 4,6%.&nbsp;&nbsp;&nbsp;&nbsp;&nbsp;&nbsp;&nbsp;&nbsp;&nbsp;&nbsp;&nbsp;&nbsp;&nbsp;&nbsp;&nbsp; &bdquo;Dom\u00e1cnosti maj\u00ed naspo\u0159eno a nejsou tak zadlu\u017een\u00e9 jako t\u0159eba v Ma\u010farsku. Tak\u00e9 \u010desk\u00e9 bankovnictv\u00ed je na tom l\u00e9pe a na\u0161i v\u00fdrobci jsou relativn\u011b konkurenceschopn\u00ed,&ldquo; tvrdil v&nbsp;t\u00e9 dob\u011b Jan Bure\u0161 z \u010cSOB.&nbsp;&nbsp;&nbsp;&nbsp;&nbsp;&nbsp;&nbsp;&nbsp;&nbsp;&nbsp;&nbsp;&nbsp;&nbsp;&nbsp;&nbsp; \u010cesk\u00e1 republika na to ale rozhodn\u011b nebyla nejh\u016f\u0159e, ba naopak. Nap\u0159. v&nbsp;N\u011bmecku to v&nbsp;prvn\u00edm \u010dtvrt roce 2009 bylo 6,9% , Rumunsku 6,4%. Ale nejh\u016f\u0159e v&nbsp;Evrop\u011b na tom bylo Loty\u0161sko, u kter\u00e9ho byl pokles a\u017e neskute\u010dn\u00fdch 18,6%!&nbsp;&nbsp;&nbsp;&nbsp;&nbsp;&nbsp;&nbsp;&nbsp;&nbsp;&nbsp;&nbsp;&nbsp;&nbsp;&nbsp;&nbsp; Dal\u0161\u00ed zvrat p\u0159i\u0161el roku 2013, kdy na za\u010d\u00e1tku roku poklesla tuzemsk\u00e1 pr\u016fmyslov\u00e1 v\u00fdroba o 5,7%, po o\u010di\u0161t\u011bn\u00ed o sezonn\u00ed vlivy se n\u00ed\u017eila na 1,6%.&nbsp;&nbsp;&nbsp;&nbsp;&nbsp;&nbsp;&nbsp;&nbsp;&nbsp;&nbsp;&nbsp;&nbsp;&nbsp;&nbsp;&nbsp; &bdquo;Pr\u016fmysl p\u0159in\u00e1\u0161\u00ed jen dal\u0161\u00ed potvrzen\u00ed toho, \u017ee recese \u010desk\u00e9 ekonomiky zdaleka je\u0161t\u011b nekon\u010d\u00ed. Nen\u00ed sice tak hlubok\u00e1 jako ta minul\u00e1, ale rozhodn\u011b je u\u017e nyn\u00ed del\u0161\u00ed,&quot;\u0159\u00edk\u00e1 analytik \u010cSOB Petr Dufek. Bohu\u017eel, ani v&nbsp;dal\u0161\u00edch m\u011bs\u00edc\u00edch se ekonomika nezlep\u0161ila.&nbsp;&nbsp;&nbsp;&nbsp;&nbsp;&nbsp;&nbsp;&nbsp;&nbsp;&nbsp;&nbsp;&nbsp;&nbsp;&nbsp;&nbsp;&nbsp; Dal\u0161\u00ed krize by m\u011bla p\u0159ij\u00edt tento rok, tedy rok 2020. Ale dle banky PJMorgan Chase nebude tak hlubok\u00e1, jak v&nbsp;letech 2008 &ndash; 2009, jeliko\u017e akcie v&nbsp;Spojen\u00fdch st\u00e1tech by m\u011bli spadnout jen o 20%. Zato rozv\u00edjej\u00edc\u00ed se trhy na tom budou podstatn\u011b h\u016f\u0159e.&nbsp; T\u011bm propadnou akciov\u00e9 indexy a\u017e o 50% to sam\u00e9 by m\u011blo v&nbsp;men\u0161\u00ed m\u00ed\u0159e \u010dekat i m\u011bny rozv\u00edjej\u00edc\u00edch se region\u016f.&nbsp;&nbsp;&nbsp;&nbsp;&nbsp;&nbsp;&nbsp;&nbsp;&nbsp;&nbsp;&nbsp;&nbsp;&nbsp;&nbsp;&nbsp; I Nouriel Roubini (slavn\u00fd americk\u00fd profesor a ekonom) souhlas\u00ed s&nbsp;t\u00edm, \u017ee v&nbsp;bl\u00edzk\u00e9 dob\u011b \u010dekaj\u00ed obchody velk\u00e9 v\u00fdprodeje. Pro\u010d? Hlavn\u011b d\u00edky neudr\u017eiteln\u00e9mu ekonomick\u00e9mu r\u016fstu v&nbsp;posledn\u00edch letech. Brzy se tedy do\u010dk\u00e1me m\u00e9n\u011b ne\u017e dvou procentn\u00edho DPH m\u00edsto t\u0159\u00ed procentn\u00edho.&nbsp;&nbsp;&nbsp;&nbsp;&nbsp;&nbsp;&nbsp;&nbsp;&nbsp;&nbsp;&nbsp;&nbsp;&nbsp;&nbsp;&nbsp; Nezb\u00fdv\u00e1 n\u00e1m nic jin\u00e9ho, ne\u017e doufat, \u017ee se Roubini plete. V&nbsp;dne\u0161n\u00ed dob\u011b je p\u00e1d ekonomiky tak\u0159ka nevyhnuteln\u00fd a nezb\u00fdv\u00e1 ne\u017e doufat, \u017ee n\u00e1sledky nebudou fat\u00e1ln\u00ed a na\u0161e, spole\u010dn\u011b s&nbsp;celosv\u011btovou ekonomikou, se co nejd\u0159\u00edve zotav\u00ed.                                                                                                                                                                                                                                                                                                                                                                                        4.2\/5 - (13 votes)        "},{"@context":"https:\/\/schema.org\/","@type":"BreadcrumbList","itemListElement":[{"@type":"ListItem","position":1,"name":"P\u00e1d \u010cesk\u00e9 ekonomiky","item":"https:\/\/www.ppaa.cz\/pad-ceske-ekonomiky\/#breadcrumbitem"}]}]