[{"@context":"https:\/\/schema.org\/","@type":"Article","@id":"https:\/\/www.ppaa.cz\/obleceni-pro-damy-i-pany\/#Article","mainEntityOfPage":"https:\/\/www.ppaa.cz\/obleceni-pro-damy-i-pany\/","headline":"Oble\u010den\u00ed pro d\u00e1my i p\u00e1ny!","name":"Oble\u010den\u00ed pro d\u00e1my i p\u00e1ny!","description":"Oble\u010den\u00ed si nakupuj\u00ed mu\u017ei i \u017eeny, proto\u017ee cht\u011bj\u00ed vypadat kr\u00e1sn\u011b, hezky, pohledn\u011b, \u010dist\u011b a prost\u011b jednodu\u0161e se cht\u011bj\u00ed l\u00edbit sob\u011b i sv\u00e9mu okol\u00ed. Proto nem\u00e1me &hellip; ","datePublished":"2023-05-12","dateModified":"2023-06-15","author":{"@type":"Person","@id":"https:\/\/www.ppaa.cz\/author\/#Person","name":"","url":"https:\/\/www.ppaa.cz\/author\/","identifier":1,"image":{"@type":"ImageObject","@id":"https:\/\/secure.gravatar.com\/avatar\/046c8368865b87ac6ea06cde0e0a80b91304a43fe31de210702ad59bbd9a1974?s=96&d=mm&r=g","url":"https:\/\/secure.gravatar.com\/avatar\/046c8368865b87ac6ea06cde0e0a80b91304a43fe31de210702ad59bbd9a1974?s=96&d=mm&r=g","height":96,"width":96}},"publisher":{"@type":"Organization","name":"ppaa.cz","logo":{"@type":"ImageObject","@id":"\/logo.png","url":"\/logo.png","width":600,"height":60}},"image":{"@type":"ImageObject","@id":"https:\/\/www.ppaa.cz\/wp-content\/uploads\/pexels-monstera-6238186.jpg","url":"https:\/\/www.ppaa.cz\/wp-content\/uploads\/pexels-monstera-6238186.jpg","height":0,"width":0},"url":"https:\/\/www.ppaa.cz\/obleceni-pro-damy-i-pany\/","about":["Zbo\u017e\u00ed"],"wordCount":424,"articleBody":"   Oble\u010den\u00ed si nakupuj\u00ed mu\u017ei i \u017eeny, proto\u017ee cht\u011bj\u00ed vypadat kr\u00e1sn\u011b, hezky, pohledn\u011b, \u010dist\u011b a prost\u011b jednodu\u0161e se cht\u011bj\u00ed l\u00edbit sob\u011b i sv\u00e9mu okol\u00ed. Proto nem\u00e1me ve sv\u00fdch \u0161atn\u00edch sk\u0159\u00edn\u00edch pouze jeden kus od ka\u017ed\u00e9ho, ale m\u00e1me na v\u00fdb\u011br z v\u00edce variant. A d\u00edky tomu se dost\u00e1v\u00e1me k j\u00e1dru pudla. K tomu, co je opravdu nejlep\u0161\u00ed d\u00e1rkem pro n\u00e1s nebo pro jin\u00e9, a to je oble\u010den\u00ed! V\u017edy p\u0159i darov\u00e1n\u00ed oble\u010den\u00ed dbejte na to, \u017ee vyb\u00edr\u00e1te spr\u00e1vnou velikost a pokud si s n\u00ed nejsme jist\u00ed, jednodu\u0161e se nen\u00e1padn\u011b pod\u00edvejte anebo se m\u016f\u017eete rovnou zeptat. Tak\u00e9 nezapome\u0148te, \u017ee ka\u017ed\u00fd m\u00e1 jin\u00fd vkus.R\u016fzn\u00e9 firmy nakupuj\u00ed reklamn\u00ed tri\u010dka Promodarky.cz proto, aby sv\u00e9 zam\u011bstnance ozna\u010dili, \u017ee pat\u0159\u00ed do jejich spole\u010dnosti a \u017ee reprezentuj\u00ed jejich spole\u010dnost. To je d\u016fvodem, \u017ee cht\u011bj\u00ed, aby vypadal takov\u00fd zam\u011bstnanec \u010dist\u011b, hezky a reprezentativn\u011b. M\u016f\u017eeme na r\u016fzn\u00fdch akc\u00edch dost\u00e1vat tak\u00e9 reklamn\u00ed tri\u010dka jako d\u00e1rek. Samoz\u0159ejm\u011b se nemus\u00ed jednat pouze o tri\u010dko, ale i o kalhoty, vesty a jin\u00e9.Firemn\u00ed oble\u010den\u00ed je t\u00e9m\u011b\u0159 v\u017edy opravdu kr\u00e1sn\u00e9, ale jsou i spole\u010dnosti kter\u00e9 nedbaj\u00ed tolik na vzhled zam\u011bstnanc\u016f a dovoluj\u00ed jim sv\u00e9 vlastn\u00ed oble\u010den\u00ed. V n\u011bkter\u00fdch p\u0159\u00edpadech se jedn\u00e1 o dobr\u00fd tah a zam\u011bstnanci si to uv\u011bdomuj\u00ed, a p\u0159esto se obl\u00e9knou do sv\u00e9ho zam\u011bstn\u00e1n\u00ed vhodn\u011b, ale n\u011bkte\u0159\u00ed lid\u00e9 si to k srdci p\u0159\u00edli\u0161 nevezmou a pot\u00e9 p\u0159ijde ten nep\u0159\u00edjemn\u00fd okam\u017eik, \u017ee d\u00edky p\u00e1r jedinc\u016fm se toto pravidlo zm\u011bn\u00ed a firemn\u00ed outfit je ji\u017e na stole pro schv\u00e1len\u00ed.Jak jsme oble\u010den\u00ed, tak se n\u011bjak reprezentujeme i ve sv\u00e9m vlastn\u00edm \u017eivot\u011b. Oble\u010den\u00ed z n\u00e1s d\u011bl\u00e1 \u010dlov\u011bka, jak se \u0159\u00edk\u00e1. Proto, p\u0159edev\u0161\u00edm d\u00e1my, m\u00e1me na v\u00fdb\u011br z mnoha mo\u017enost\u00ed ve vlastn\u00edch \u0161atn\u00edc\u00edch, kde m\u016f\u017eeme kombinovat vzory, barvy, st\u0159ihy a styly.M\u00f3dn\u00ed n\u00e1vrh\u00e1\u0159i n\u00e1m ka\u017edou chvilku ud\u00e1vaj\u00ed, co pr\u00e1v\u011b let\u00ed, ale nejd\u016fle\u017eit\u011bj\u0161\u00ed je ten fakt, \u017ee MY se pot\u0159ebujeme c\u00edtit v dan\u00e9m kousku dob\u0159e, pohodln\u011b anebo p\u0159\u00edmo okouzluj\u00edc\u00ed.                                                                                                                                                                                                                                                                                                                                                                                          3.9\/5 - (14 votes)        "},{"@context":"https:\/\/schema.org\/","@type":"BreadcrumbList","itemListElement":[{"@type":"ListItem","position":1,"name":"Oble\u010den\u00ed pro d\u00e1my i p\u00e1ny!","item":"https:\/\/www.ppaa.cz\/obleceni-pro-damy-i-pany\/#breadcrumbitem"}]}]