[{"@context":"https:\/\/schema.org\/","@type":"Article","@id":"https:\/\/www.ppaa.cz\/neni-kabelka-jako-kabelka\/#Article","mainEntityOfPage":"https:\/\/www.ppaa.cz\/neni-kabelka-jako-kabelka\/","headline":"Nen\u00ed kabelka, jako kabelka","name":"Nen\u00ed kabelka, jako kabelka","description":"Ka\u017ed\u00e1 \u017eena miluje dopl\u0148ky, mezi kter\u00fdmi nesm\u00ed chyb\u011bt kr\u00e1sn\u00e1 kabelka. Na trhu je mnoho kabelek, ale ka\u017ed\u00e1 nen\u00ed kvalitn\u00ed nebo tak dokonal\u00e1, podle na\u0161ich p\u0159edstav. &hellip; ","datePublished":"2021-09-25","dateModified":"2023-05-31","author":{"@type":"Person","@id":"https:\/\/www.ppaa.cz\/author\/#Person","name":"","url":"https:\/\/www.ppaa.cz\/author\/","identifier":1,"image":{"@type":"ImageObject","@id":"https:\/\/secure.gravatar.com\/avatar\/046c8368865b87ac6ea06cde0e0a80b91304a43fe31de210702ad59bbd9a1974?s=96&d=mm&r=g","url":"https:\/\/secure.gravatar.com\/avatar\/046c8368865b87ac6ea06cde0e0a80b91304a43fe31de210702ad59bbd9a1974?s=96&d=mm&r=g","height":96,"width":96}},"publisher":{"@type":"Organization","name":"ppaa.cz","logo":{"@type":"ImageObject","@id":"\/logo.png","url":"\/logo.png","width":600,"height":60}},"image":{"@type":"ImageObject","@id":"https:\/\/www.ppaa.cz\/wp-content\/uploads\/%C5%BEena,%20dv%C4%9B%20kabelky.jpg","url":"https:\/\/www.ppaa.cz\/wp-content\/uploads\/%C5%BEena,%20dv%C4%9B%20kabelky.jpg","height":0,"width":0},"url":"https:\/\/www.ppaa.cz\/neni-kabelka-jako-kabelka\/","about":["Zbo\u017e\u00ed"],"wordCount":468,"articleBody":"    Ka\u017ed\u00e1 \u017eena miluje dopl\u0148ky, mezi kter\u00fdmi nesm\u00ed chyb\u011bt kr\u00e1sn\u00e1 kabelka. Na trhu je mnoho kabelek, ale ka\u017ed\u00e1 nen\u00ed kvalitn\u00ed nebo tak dokonal\u00e1, podle na\u0161ich p\u0159edstav. Ale my tu pro V\u00e1s m\u00e1me kabelku, kter\u00e1 ve V\u00e1s zanech\u00e1 otazn\u00edk.Pierre cardin kabelka, kter\u00e1 je obl\u00edbenou francouzskou zna\u010dkou. Kvalitn\u00ed, zna\u010dkov\u00e1, ale cenov\u011b dostupn\u00e1 kabelka, kterou si m\u016f\u017ee dovolit t\u00e9m\u011b\u0159 ka\u017ed\u00e1 \u017eena. Nemus\u00edme m\u00edt kabelku za des\u00edtky tis\u00edc. Kabelka PIERRE CARDIN je elegantn\u00ed a smysln\u00e1, tak pro\u010d ji doma nem\u00edt.Jestli ji doma nem\u00e1te, mo\u017en\u00e1 stoj\u00ed za to, se na ni alespo\u0148 mrknou, ur\u010dit\u011b se v\u00e1m zal\u00edb\u00ed. Ka\u017ed\u00e1 kabelka m\u00e1 n\u011bco do sebe, ale kabelka PIERRE CARDIN V\u00e1m vyraz\u00ed dech. V\u011bt\u0161inou jsme zvykl\u00e9 zakoupit co nejlevn\u011bj\u0161\u00ed kabelku, ale po \u010dase zjist\u00edme, \u017ee to nen\u00ed takov\u00e1 par\u00e1da.MO\u017dN\u00c1 TUTO ZNA\u010cKU NEZN\u00c1TEDal\u0161\u00edm d\u016fvodem, pro\u010d tuto kabelku nem\u00e1te ve sv\u00e9m \u0161atn\u00edku je, \u017ee tuto zna\u010dku nezn\u00e1te. P\u0159itom PIERRE CARDIN je velmi uzn\u00e1vanou zna\u010dkou, kter\u00e1 se m\u016f\u017ee srovn\u00e1vat s m\u00f3dou sv\u011btov\u011b vyhl\u00e1\u0161en\u00fdch n\u00e1vrh\u00e1\u0159\u016f.PRO\u010c SI ZAMILOVAT PR\u00c1V\u011a TUTO KABELKU?\u00b0 Cenov\u011b p\u0159ijateln\u00e1\u00b0 Z kvalitn\u00edho materi\u00e1lu a t\u00edm je k\u016f\u017ee\u00b0 Jednoduch\u00e1, ale p\u0159itom elegantn\u00ed a smysln\u00e1\u00b0 Zna\u010dkov\u00e1 kabelka\u00b0 Perfektn\u00ed vzhled\u00b0 Kabelky, r\u016fzn\u00e9ho charakteru\u00b0 Na v\u00fdb\u011br z barev, kter\u00e9 nos\u00edte b\u011b\u017en\u011b na sv\u00e9m od\u011bvu\u00b0 V\u00fdb\u011br ze t\u0159ech velikost\u00ed: mal\u00e1 st\u0159edn\u00ed, velk\u00e1\u00b0 Zp\u016fsob no\u0161en\u00ed: p\u0159es rameno, crossbody, do rukyPOKUD NEM\u00c1TE D\u016eV\u011aRU K T\u00c9TO ZNA\u010cCE, OV\u011a\u0158TE SI JIU t\u00e9to zna\u010dky m\u00e1te jistotu, \u017ee je vyrobena z kvalitn\u00edho materi\u00e1lu. D\u00edky dlouholet\u00e9 historii zna\u010dky PIERRE CARDIN, si m\u016f\u017eete b\u00fdt jisti, \u017ee tomu nebude jinak. Pierre cardin, kter\u00fd byl francouzsk\u00fdm n\u00e1vrh\u00e1\u0159em a zakladatelem zna\u010dky PIERRE CARDIN, m\u00e1 dlouhou a \u0161irokou historii, o \u010dem\u017e se m\u016f\u017eete sami p\u0159esv\u011bd\u010dit. Nen\u00ed pochyb, \u017ee po sob\u011b zanechal kus pr\u00e1ce a neskute\u010dn\u011b kr\u00e1sn\u00e9 kabelky.\u017deny, tato kabelka V\u00e1s nadchne takov\u00fdm zp\u016fsobem, \u017ee u\u017e nebudete cht\u00edt jinou. Dejte zna\u010dce PIERRE CARDIN \u0161anci a nebudete zklaman\u00e9. Dop\u0159ejte si kone\u010dn\u011b trochu luxusu i pro sebe. Stoj\u00ed za to.Na z\u00e1v\u011br mus\u00edm dodat, \u017ee je lep\u0161\u00ed vlastnit jednu kr\u00e1snou, elegantn\u00ed a kvalitn\u00ed kabelku, ne\u017e t\u0159i kter\u00e9 nestoj\u00ed ani za \u0159e\u010d. Kabelku PIERRE CARDIN, unos\u00edte do jak\u00e9koliv spole\u010dnosti, kde zanech\u00e1te obdiv. Nen\u00ed divu, kdy\u017e je tak n\u00e1dhern\u00e1.                                                                                                                                                                                                                                                                                                                                                                                         4.5\/5 - (4 votes)        "},{"@context":"https:\/\/schema.org\/","@type":"BreadcrumbList","itemListElement":[{"@type":"ListItem","position":1,"name":"Nen\u00ed kabelka, jako kabelka","item":"https:\/\/www.ppaa.cz\/neni-kabelka-jako-kabelka\/#breadcrumbitem"}]}]