[{"@context":"https:\/\/schema.org\/","@type":"Article","@id":"https:\/\/www.ppaa.cz\/laska-a-cit\/#Article","mainEntityOfPage":"https:\/\/www.ppaa.cz\/laska-a-cit\/","headline":"L\u00e1ska a cit","name":"L\u00e1ska a cit","description":"\u0158\u00edkala jsem si, \u017ee a\u017e budu m\u00edt d\u00edt\u011b, tak pozn\u00e1m, co je to opravdov\u00e1 mate\u0159sk\u00e1 l\u00e1ska. Proto\u017ee pro m\u011b l\u00e1ska byla opravdu v\u0161\u00edm. Mus\u00edm se &hellip; ","datePublished":"2022-04-23","dateModified":"2023-05-31","author":{"@type":"Person","@id":"https:\/\/www.ppaa.cz\/author\/#Person","name":"","url":"https:\/\/www.ppaa.cz\/author\/","identifier":1,"image":{"@type":"ImageObject","@id":"https:\/\/secure.gravatar.com\/avatar\/046c8368865b87ac6ea06cde0e0a80b91304a43fe31de210702ad59bbd9a1974?s=96&d=mm&r=g","url":"https:\/\/secure.gravatar.com\/avatar\/046c8368865b87ac6ea06cde0e0a80b91304a43fe31de210702ad59bbd9a1974?s=96&d=mm&r=g","height":96,"width":96}},"publisher":{"@type":"Organization","name":"ppaa.cz","logo":{"@type":"ImageObject","@id":"\/logo.png","url":"\/logo.png","width":600,"height":60}},"image":{"@type":"ImageObject","@id":"https:\/\/www.ppaa.cz\/wp-content\/uploads\/wedding-1183270_960_720.jpg","url":"https:\/\/www.ppaa.cz\/wp-content\/uploads\/wedding-1183270_960_720.jpg","height":0,"width":0},"url":"https:\/\/www.ppaa.cz\/laska-a-cit\/","about":["L\u00e1ska"],"wordCount":441,"articleBody":"\u0158\u00edkala jsem si, \u017ee a\u017e budu m\u00edt d\u00edt\u011b, tak pozn\u00e1m, co je to opravdov\u00e1 mate\u0159sk\u00e1 l\u00e1ska. Proto\u017ee pro m\u011b l\u00e1ska byla opravdu v\u0161\u00edm. Mus\u00edm se p\u0159iznat, \u017ee j\u00e1 jsem m\u011bla opravdu p\u0159ekr\u00e1sn\u00e9 d\u011btstv\u00ed, proto\u017ee jsem vyr\u016fstala v kr\u00e1sn\u00e9 miluj\u00edc\u00ed rodin\u011b, kde se l\u00e1skou rozhodn\u011b ne\u0161et\u0159ilo. M\u011bla jsem sv\u00e9 \u010dty\u0159i sourozence, kter\u00e9 jsem m\u011bla velmi r\u00e1da. Se v\u0161emi sourozenci jsme si opravdu p\u011bkn\u011b rozum\u011bli. A mus\u00edm \u0159\u00edct, \u017ee jsme se m\u011bli r\u00e1di a hodn\u011b jsme si spolu hr\u00e1li. Tak\u017ee jsem byla r\u00e1da, \u017ee m\u00e1m taky v rodin\u011b skv\u011bl\u00e9 par\u0165\u00e1ky. Potom ale p\u0159i\u0161la puberta a taky prvn\u00ed l\u00e1sky. A moje prvn\u00ed l\u00e1ska byla, kdy\u017e jsem slavila narozeniny. Tam se to stalo. Dostala jsem tam prvn\u00ed pusu.To mi bylo \u0161estn\u00e1ct let a byla jsem \u010derven\u00e1 a\u017e za u\u0161ima. Asi l\u00e1ska? Mo\u017en\u00e1 si \u0159\u00edk\u00e1te, \u017ee je to docela pozd\u011b na prvn\u00ed pusu. Jenom\u017ee pro m\u011b to bylo docela sp\u00ed\u0161e brzo. \u0158\u00edkala jsem si, \u017ee na n\u011bjakou l\u00e1sku m\u00e1m je\u0161t\u011b hodn\u011b \u010dasu. Ale jak se uk\u00e1zalo, tak \u0161estn\u00e1ct\u00fd rok pro m\u011b byl zcela z\u00e1sadn\u00ed. Poznala jsem, co to znamen\u00e1 m\u00edt n\u011bkoho r\u00e1d. Nev\u011bd\u011bla jsem, \u017ee l\u00e1ska takov\u00e9ho form\u00e1tu m\u016f\u017ee b\u00fdt. Kv\u016fli polibk\u016fm jsem c\u00edtila v b\u0159i\u0161e takov\u00e9 p\u0159\u00edjemn\u00e9 vibrace, jako kdyby mi tam l\u00edtaly mot\u00fdlci. A bylo to opravdu p\u011bkn\u00e9. L\u00edbilo se mi to, tak jsem si \u0159ekla, \u017ee l\u00e1ska je opravdu kr\u00e1sn\u00fd sv\u011bt, kter\u00fd bych cht\u011bla za\u017e\u00edvat opravdu nast\u00e1lo. Jenom\u017ee ale v\u0161echno nen\u00ed r\u016f\u017eov\u00e9. Proto\u017ee l\u00e1ska n\u011bkdy bol\u00ed. Tohle bych taky mohla vypr\u00e1v\u011bt hodn\u011b dlouho, ale to u\u017e by bylo na jin\u00fd p\u0159\u00edb\u011bh. A jak\u00e9 m\u00e1te zku\u0161enosti s l\u00e1skou vy? P\u0159edpokl\u00e1d\u00e1m, \u017ee jste taky\u00a0za\u017eili\u00a0u\u017e mnoho zklam\u00e1n\u00ed, kter\u00e9 hodn\u011b bolelo, ale v\u011b\u0159te, \u017ee nejste\u00a0jedin\u00ed. Bolest v l\u00e1sce za\u017eilo\u00a0u\u017e mnoho lid\u00ed. Na\u0161t\u011bst\u00ed je tady ale mnoho dn\u016f, kdy si\u00a0m\u016f\u017eeme\u00a0l\u00e1sku u\u017e\u00edvat podle libosti. Od doby, kdy jsem\u00a0poznala l\u00e1sku, tak jsem jako v sedm\u00e9m nebi. Na\u0161t\u011bst\u00ed m\u016fj p\u0159\u00edtel a j\u00e1 jsme flegmatici, tak\u017ee je prima, \u017ee se ani neum\u00edme h\u00e1dat, co\u017e se hod\u00ed.                                                                                                                                                                                                                                                                                                                                                                                        4\/5 - (8 votes)        "},{"@context":"https:\/\/schema.org\/","@type":"BreadcrumbList","itemListElement":[{"@type":"ListItem","position":1,"name":"L\u00e1ska a cit","item":"https:\/\/www.ppaa.cz\/laska-a-cit\/#breadcrumbitem"}]}]