[{"@context":"https:\/\/schema.org\/","@type":"Article","@id":"https:\/\/www.ppaa.cz\/koho-vyzdimaji-ted\/#Article","mainEntityOfPage":"https:\/\/www.ppaa.cz\/koho-vyzdimaji-ted\/","headline":"Koho vy\u017ed\u00edmaj\u00ed te\u010f?","name":"Koho vy\u017ed\u00edmaj\u00ed te\u010f?","description":"\u201eSliby \u2013 chyby.\u201c T\u011b\u017eko byste na\u0161li trefn\u011bj\u0161\u00ed p\u0159\u00edslov\u00ed, je\u017e by vystihovalo na\u0161i sou\u010dasnou vl\u00e1du. Proto\u017ee kolik jen n\u00e1m ta naslibovala modr\u00e9ho z nebe! Tolik, \u017ee &hellip; ","datePublished":"2020-09-26","dateModified":"2023-05-31","author":{"@type":"Person","@id":"https:\/\/www.ppaa.cz\/author\/#Person","name":"","url":"https:\/\/www.ppaa.cz\/author\/","identifier":1,"image":{"@type":"ImageObject","@id":"https:\/\/secure.gravatar.com\/avatar\/046c8368865b87ac6ea06cde0e0a80b91304a43fe31de210702ad59bbd9a1974?s=96&d=mm&r=g","url":"https:\/\/secure.gravatar.com\/avatar\/046c8368865b87ac6ea06cde0e0a80b91304a43fe31de210702ad59bbd9a1974?s=96&d=mm&r=g","height":96,"width":96}},"publisher":{"@type":"Organization","name":"ppaa.cz","logo":{"@type":"ImageObject","@id":"\/logo.png","url":"\/logo.png","width":600,"height":60}},"image":{"@type":"ImageObject","@id":"https:\/\/www.ppaa.cz\/wp-content\/uploads\/img_a342221_w2732_t1555073997.jpg","url":"https:\/\/www.ppaa.cz\/wp-content\/uploads\/img_a342221_w2732_t1555073997.jpg","height":0,"width":0},"url":"https:\/\/www.ppaa.cz\/koho-vyzdimaji-ted\/","about":["Ekonomika"],"wordCount":511,"articleBody":"\u201eSliby \u2013 chyby.\u201c T\u011b\u017eko byste na\u0161li trefn\u011bj\u0161\u00ed p\u0159\u00edslov\u00ed, je\u017e by vystihovalo na\u0161i sou\u010dasnou vl\u00e1du. Proto\u017ee kolik jen n\u00e1m ta naslibovala modr\u00e9ho z nebe! Tolik, \u017ee ka\u017ed\u00e9mu, kdo m\u00e1 v\u0161ech p\u011bt pohromad\u011b, r\u00e1zem muselo b\u00fdt jasn\u00e9, \u017ee na to nebudou pen\u00edze sta\u010dit. Ov\u0161em bohu\u017eel tu bylo dost t\u011bch, kdo zjevn\u011b v\u0161ech p\u011bt pohromad\u011b nem\u011bli a nemaj\u00ed, kdy\u017e se pod\u00edv\u00e1me, kdo dosud stoj\u00ed v \u010dele \u017eeb\u0159\u00ed\u010dk\u016f popularity.&#13; Navzdory tomu, \u017ee u\u017e je v\u00e1\u017en\u011b zle. Vl\u00e1dn\u00ed politici v\u00fdrazn\u011b levicov\u011b politicky \u010dinn\u00ed toti\u017e naslibovali hory doly kup\u0159\u00edkladu na\u0161im senior\u016fm. T\u011bm, kdo se nechaj\u00ed nejsn\u00e1ze op\u00edt rohl\u00edkem a nejsv\u011bdomit\u011bji chod\u00ed odevzdat ve volb\u00e1ch sv\u016fj hlas. Sl\u00edbili jim zvy\u0161ov\u00e1n\u00ed d\u016fchod\u016f. A jak to dopadlo? Toti\u017e dopad\u00e1?&#13; P\u0159idali jim. A nyn\u00ed, kdy\u017e by m\u011bli p\u0159id\u00e1vat znovu, aby se mohli i navzdory rostouc\u00edm cen\u00e1m t\u011b\u0161it p\u0159\u00edzni tohoto segmentu spole\u010dnosti i v p\u0159\u00ed\u0161t\u00edch volb\u00e1ch, n\u00e1hle zji\u0161\u0165uj\u00ed, \u017ee u\u017e na to nemaj\u00ed. A \u017ee u\u017e se dokonce ani prost\u00fd lid moc nehrne do kupov\u00e1n\u00ed garantovan\u00fdch vl\u00e1dn\u00edch dluhopis\u016f, p\u0159\u00edjmy z nich\u017e se politik\u016fm tak p\u0159\u00edjemn\u011b utr\u00e1cej\u00ed.&#13; A u\u017e se bije na poplach. Ministryn\u011b pr\u00e1ce a soci\u00e1ln\u00edch v\u011bc\u00ed Jana Mal\u00e1\u010dov\u00e1 se do\u017eaduje toho, aby od roku 2021 byla minim\u00e1ln\u00ed penze 15000 korun, proto\u017ee jinak budou na\u0161i penzist\u00e9 ohro\u017eeni chudobou. Ov\u0161em to \u0159e\u0161en\u00ed!&#13; Pan\u00ed ministryn\u011b je p\u0159esv\u011bd\u010dena, \u017ee \u201eby bylo pot\u0159eba se pod\u00edvat na dan\u011b\u201c. Pochopiteln\u011b nesd\u011blila \u017e\u00e1dn\u00e9 detaily, to v\u0161ak proto, aby snad proti sob\u011b nepo\u0161tvala nikoho z t\u011bch, kdo u n\u00e1s dan\u011b plat\u00ed.&#13; Pr\u00fd sama ch\u00e1pe, \u017ee ministerstvo financ\u00ed mus\u00ed db\u00e1t na rozpo\u010det, jen\u017ee \u201eto nesm\u00ed b\u00fdt jen o \u010d\u00edslech\u201c. Od roku 2013 n\u00e1m podle jej\u00edch vlastn\u00edch slov stoupl po\u010det lid\u00ed star\u0161\u00edch p\u011bta\u0161edes\u00e1ti let ohro\u017een\u00fdch chudobou o t\u0159etinu a s t\u00edm je t\u0159eba n\u011bco d\u011blat.&#13; Ov\u0161em a\u010d neuvedla, jak se to m\u00e1 zaplatit konkr\u00e9tn\u011b, n\u011bco p\u0159ece jenom utrousila. Zm\u00ednila, \u017ee by se m\u011bly zv\u00fd\u0161it minim\u00e1ln\u00ed odvody pro \u017eivnostn\u00edky, \u017ee by se m\u011bly zvy\u0161ovat spot\u0159ebn\u00ed dan\u011b na tab\u00e1k a alkohol, m\u011bla by se zav\u00e9st sektorov\u00e1 a digit\u00e1ln\u00ed da\u0148. Ale to je podle n\u00ed jen n\u00e1pad, o tom se dosud nikdo konkr\u00e9tn\u011b nebavil.&#13; Aby n\u00e1hodou n\u011bkoho nepopudili.&#13; Zat\u00edm je tak jasn\u00e9 to, \u017ee se zvy\u0161ov\u00e1n\u00ed d\u016fchod\u016f \u201e\u0159e\u0161\u00ed\u201c. Aby na\u0161i d\u016fchodci navzdory vl\u00e1dn\u00ed politice vedouc\u00ed k rostouc\u00edm cen\u00e1m, nechodili o \u017eebr\u00e1ck\u00e9 holi.&#13; A schv\u00e1ln\u011b. Kdo asi tak p\u016fjde o \u017eebr\u00e1ck\u00e9 holi m\u00edsto d\u016fchodc\u016f?                                                                                                                                                                                                                                                                                                                                                                                        4.5\/5 - (12 votes)        "},{"@context":"https:\/\/schema.org\/","@type":"BreadcrumbList","itemListElement":[{"@type":"ListItem","position":1,"name":"Koho vy\u017ed\u00edmaj\u00ed te\u010f?","item":"https:\/\/www.ppaa.cz\/koho-vyzdimaji-ted\/#breadcrumbitem"}]}]