[{"@context":"https:\/\/schema.org\/","@type":"Article","@id":"https:\/\/www.ppaa.cz\/je-spravne-sledovat-vase-dite\/#Article","mainEntityOfPage":"https:\/\/www.ppaa.cz\/je-spravne-sledovat-vase-dite\/","headline":"Je spr\u00e1vn\u00e9 sledovat va\u0161e d\u00edt\u011b?","name":"Je spr\u00e1vn\u00e9 sledovat va\u0161e d\u00edt\u011b?","description":"Rodi\u010de maj\u00ed zodpov\u011bdnost, hl\u00eddat sv\u00e9 d\u011bti p\u0159i v\u0161em, co d\u011blaj\u00ed. Ov\u0161em jak\u00fdsi rodi\u010dovsk\u00fd pud, jim br\u00e1n\u00ed zbavit se toho \u201ezlozvyku\u201c i v dob\u011b, kdy\u017e jsou &hellip; ","datePublished":"2023-05-31","dateModified":"2023-05-31","author":{"@type":"Person","@id":"https:\/\/www.ppaa.cz\/author\/#Person","name":"","url":"https:\/\/www.ppaa.cz\/author\/","identifier":1,"image":{"@type":"ImageObject","@id":"https:\/\/secure.gravatar.com\/avatar\/046c8368865b87ac6ea06cde0e0a80b91304a43fe31de210702ad59bbd9a1974?s=96&d=mm&r=g","url":"https:\/\/secure.gravatar.com\/avatar\/046c8368865b87ac6ea06cde0e0a80b91304a43fe31de210702ad59bbd9a1974?s=96&d=mm&r=g","height":96,"width":96}},"publisher":{"@type":"Organization","name":"ppaa.cz","logo":{"@type":"ImageObject","@id":"\/logo.png","url":"\/logo.png","width":600,"height":60}},"image":{"@type":"ImageObject","@id":"https:\/\/www.ppaa.cz\/wp-content\/uploads\/img_a328485_w2346_t1540737214.jpg","url":"https:\/\/www.ppaa.cz\/wp-content\/uploads\/img_a328485_w2346_t1540737214.jpg","height":0,"width":0},"url":"https:\/\/www.ppaa.cz\/je-spravne-sledovat-vase-dite\/","wordCount":474,"articleBody":"Rodi\u010de maj\u00ed zodpov\u011bdnost, hl\u00eddat sv\u00e9 d\u011bti p\u0159i v\u0161em, co d\u011blaj\u00ed. Ov\u0161em jak\u00fdsi rodi\u010dovsk\u00fd pud, jim br\u00e1n\u00ed zbavit se toho \u201ezlozvyku\u201c i v dob\u011b, kdy\u017e jsou u\u017e t\u00e9m\u011b\u0159 dosp\u011bl\u00e9.Co se d\u00e1 pokl\u00e1dat za norm\u00e1ln\u00ed z\u00e1jem v\u016f\u010di jejich osob\u011b a co je u\u017e p\u0159es \u010d\u00e1ru a rodi\u010de t\u00edm berou d\u011btem volnost?\tSoukrom\u00ed d\u011bti pot\u0159ebuj\u00ed, ov\u0161em dohled taky!Dop\u0159\u00e1t va\u0161im d\u011btem \u0161petku volnosti a nechat jim prostor k tomu, aby si jejich soukrom\u00ed p\u0159ed v\u00e1mi trochu chr\u00e1nily, je naprosto v po\u0159\u00e1dku. Z pohledu dne\u0161n\u00ed doby je toto tvrzen\u00ed pon\u011bkud sporn\u00e9. V sou\u010dasnosti se d\u011btem nab\u00edz\u00ed velk\u00e9 mno\u017estv\u00ed poku\u0161en\u00ed neboli l\u00e1kadel, kter\u00e9 va\u0161im d\u011btem m\u016f\u017eou do zna\u010dn\u00e9 m\u00edry ubl\u00ed\u017eit. A to nejen fyzicky, ale i psychicky.\tFacebookov\u00e1 dobaTak ji lze z pohledu mlad\u00fdch, zcela jist\u011b nazvat. Kdo nem\u00e1 \u00fa\u010det na soci\u00e1ln\u00ed s\u00edti zvan\u00e9 Facebook, jako by ani neexistoval. Dnes si ho m\u016f\u017eou zalo\u017eit u\u017e d\u011bti, kter\u00e9 nemaj\u00ed 18 let, tud\u00ed\u017e je\u0161t\u011b nav\u0161t\u011bvuj\u00ed povinn\u00ed \u0161koln\u00ed doch\u00e1zku. Co v\u0161e se v\u0161ak odehr\u00e1v\u00e1 na zdi, v konverzac\u00edch nebo v koment\u00e1\u0159\u00edch pod p\u0159\u00edsp\u011bvkem, je n\u011bco, co rodi\u010de pochopiteln\u011b zaj\u00edm\u00e1. Obzvl\u00e1\u0161t\u011b, pokud je jejich d\u00edt\u011b na Facebooku po\u0159\u00e1d a nespust\u00ed z n\u011bho o\u010di.Samostatnou kategori\u00ed je um\u00edst\u011bn\u00ed fotografi\u00ed na internet. Mnohdy si mlad\u00ed neuv\u011bdomuj\u00ed, do jak\u00e9 m\u00edry m\u016f\u017eou b\u00fdt jejich fotky zneu\u017eit\u00e9 a takt\u00e9\u017e sta\u017een\u00e9 do po\u010d\u00edta\u010de n\u011bkoho jin\u00e9ho. V\u017edy byste m\u011bli m\u00edt alespo\u0148 zb\u011b\u017en\u00fd p\u0159ehled o tom, jak\u00fd druh fotek na internet, va\u0161e d\u00edt\u011b d\u00e1v\u00e1. K t\u011bmto informac\u00edm se m\u016f\u017eete dostat samoz\u0159ejm\u011b i tak, \u017ee profil va\u0161eho d\u00edt\u011bte budete m\u00edt zp\u0159\u00edstupn\u011bn\u00fd v podob\u011b jeho p\u0159\u00e1tel.\tSl\u00edd\u011bn\u00ed v telefonu \u2013 h\u00e1kliv\u00e9 t\u00e9ma\u017d\u00e1dn\u00fd puber\u0165\u00e1k, v\u00e1m p\u0159\u00edstup do jeho mobiln\u00edho telefonu dobrovoln\u011b neumo\u017en\u00ed. N\u011bkdy je to prakticky i nemo\u017en\u00e9, proto\u017ee ho v ruce dr\u017e\u00ed prakticky bez p\u0159est\u00e1vky.M\u00e1te v\u0161ak tendenci mu ho vz\u00edt v dob\u011b, kdy sp\u00ed nebo jste to u\u017e dokonce ud\u011blali? Mo\u017en\u00e1 se v\u00e1m realita, kterou v n\u011bm schov\u00e1v\u00e1 va\u0161e d\u00edt\u011b, nebude l\u00edbit. N\u011bkter\u00e9 d\u011bti jsou v\u0161ak v tomto sm\u011bru obez\u0159etn\u00e9 a jejich mobiln\u00ed telefony si zamykaj\u00ed na heslo. A nutno \u0159\u00edct, \u017ee je to pro klidn\u00fd sp\u00e1nek jejich rodi\u010d\u016f, n\u011bkdy i v\u00edce ne\u017e dob\u0159e.                                                                                                                                                                                                                                                                                                                                                                                        4.2\/5 - (10 votes)        "},{"@context":"https:\/\/schema.org\/","@type":"BreadcrumbList","itemListElement":[{"@type":"ListItem","position":1,"name":"Je spr\u00e1vn\u00e9 sledovat va\u0161e d\u00edt\u011b?","item":"https:\/\/www.ppaa.cz\/je-spravne-sledovat-vase-dite\/#breadcrumbitem"}]}]