[{"@context":"https:\/\/schema.org\/","@type":"Article","@id":"https:\/\/www.ppaa.cz\/jak-se-vozi-deti\/#Article","mainEntityOfPage":"https:\/\/www.ppaa.cz\/jak-se-vozi-deti\/","headline":"Jak se voz\u00ed d\u011bti?","name":"Jak se voz\u00ed d\u011bti?","description":"Ne\u017e d\u00edt\u011b za\u010dne b\u011bhat, trv\u00e1 to. Ne\u017e k tomu dojde, mus\u00ed se toto nap\u0159ed http:\/\/zena-in.cz\/clanek\/zena-in-10325 nau\u010dit chodit, p\u0159ed t\u00edm se mus\u00ed nau\u010dit aspo\u0148 l\u00e9zt. A &hellip; ","datePublished":"2022-11-02","dateModified":"2023-05-31","author":{"@type":"Person","@id":"https:\/\/www.ppaa.cz\/author\/#Person","name":"","url":"https:\/\/www.ppaa.cz\/author\/","identifier":1,"image":{"@type":"ImageObject","@id":"https:\/\/secure.gravatar.com\/avatar\/046c8368865b87ac6ea06cde0e0a80b91304a43fe31de210702ad59bbd9a1974?s=96&d=mm&r=g","url":"https:\/\/secure.gravatar.com\/avatar\/046c8368865b87ac6ea06cde0e0a80b91304a43fe31de210702ad59bbd9a1974?s=96&d=mm&r=g","height":96,"width":96}},"publisher":{"@type":"Organization","name":"ppaa.cz","logo":{"@type":"ImageObject","@id":"\/logo.png","url":"\/logo.png","width":600,"height":60}},"image":{"@type":"ImageObject","@id":"https:\/\/www.ppaa.cz\/wp-content\/uploads\/k1.jpg","url":"https:\/\/www.ppaa.cz\/wp-content\/uploads\/k1.jpg","height":0,"width":0},"url":"https:\/\/www.ppaa.cz\/jak-se-vozi-deti\/","about":["Zbo\u017e\u00ed"],"wordCount":422,"articleBody":"   Ne\u017e d\u00edt\u011b za\u010dne b\u011bhat, trv\u00e1 to. Ne\u017e k tomu dojde, mus\u00ed se toto nap\u0159ed  http:\/\/zena-in.cz\/clanek\/zena-in-10325 nau\u010dit chodit, p\u0159ed t\u00edm se mus\u00ed nau\u010dit aspo\u0148 l\u00e9zt. A dokud toto nezvl\u00e1dne \u00fasp\u011b\u0161n\u011b aspo\u0148 pomalou a pom\u011brn\u011b vratkou ch\u016fzi, mus\u00ed se zkr\u00e1tka vozit. Na del\u0161\u00ed vzd\u00e1lenosti \u010dasto s rodi\u010di v autoseda\u010dce v aut\u011b, na ty krat\u0161\u00ed pak v ko\u010d\u00e1rku nebo k\u00e1rce. To se v\u0161eobecn\u011b v\u00ed.Dnes a denn\u011b m\u016f\u017eeme na na\u0161ich ulic\u00edch potk\u00e1vat \u017eeny (p\u0159\u00edpadn\u011b mu\u017ee nebo p\u00e1ry) s ko\u010d\u00e1rky, i kdy\u017e jich nen\u00ed ani zdaleka tolik jako za \u010das\u016f, v nich\u017e se rodily Hus\u00e1kovy d\u011bti, a nic n\u00e1s tedy na takov\u00fdch ko\u010d\u00e1rc\u00edch nep\u0159ekvap\u00ed. Snad krom\u011b toho, \u017ee n\u011bkter\u00e9 vypadaj\u00ed l\u00e9pe a jin\u00e9 h\u016f\u0159, \u017ee jsou tu ty modern\u011bj\u0161\u00ed i ty, kter\u00e9 u\u017e t\u0159eba i leccos pamatuj\u00ed.Ko\u010d\u00e1rky jsou prost\u011b n\u011bco, co k mal\u00fdm d\u011btem pat\u0159\u00ed naprosto samoz\u0159ejm\u011b. A lid\u00e9 si je tak po\u0159izuj\u00ed spolu s d\u00edt\u011btem, respektive logicky rad\u011bji je\u0161t\u011b d\u0159\u00edve, v p\u0159edstihu, aby se to nemuselo za\u0159izovat a\u017e po porodu, kdy u\u017e navzdory mate\u0159sk\u00e9 \u201adovolen\u00e9\u2018 nen\u00ed voln\u00e9ho \u010dasu ke sh\u00e1n\u011bn\u00ed vybaven\u00ed nazbyt.Kdy\u017e si n\u011bkdo takov\u00fd ko\u010d\u00e1rek sh\u00e1n\u00ed, bere pochopiteln\u011b v potaz v\u00edce parametr\u016f, kter\u00e9 jsou d\u016fle\u017eit\u00e9. Je p\u0159ece logick\u00e9, \u017ee takov\u00fd ko\u010d\u00e1rek bude prov\u00e1zet d\u00edt\u011b a \u017eenu del\u0161\u00ed dobu, a tak mus\u00ed b\u00fdt tento pro oba v r\u00e1mci mo\u017enost\u00ed co nejpohodln\u011bj\u0161\u00ed. Ale rozhodn\u011b se tu nepodce\u0148uje ani estetick\u00e9 hledisko, cena a samoz\u0159ejm\u011b kvalita, v\u00fddr\u017e. A proto si kdekdo po\u0159izuje ko\u010d\u00e1rek Kunert mila, kter\u00fd je pr\u00e1v\u011b v t\u011bchto ohledech bez v\u00fdjimky optim\u00e1ln\u00ed.Jde o nab\u00eddku v\u00fdrobce s mnohaletou tradic\u00ed, kter\u00fd neust\u00e1le inovuje a zdokonaluje svoji nab\u00eddku, a tud\u00ed\u017e nab\u00edz\u00ed ko\u010d\u00e1rky kvalitn\u00ed, odoln\u00e9 v\u016f\u010di prost\u0159ed\u00ed, nez\u00e1vadn\u00e9, bezpe\u010dn\u00e9, prost\u011b dokonal\u00e9. Tak dokonal\u00e9, \u017ee slav\u00ed \u00fasp\u011bchy nejen u n\u00e1s, ale i jinde v Evropsk\u00e9 unii. A garantuje se nejen prodej takov\u00fdch ko\u010d\u00e1rk\u016f, ale i jejich z\u00e1ru\u010dn\u00ed i poz\u00e1ru\u010dn\u00ed servis.A proto si tolik lid\u00ed pr\u00e1v\u011b tyto ko\u010d\u00e1rky po\u0159izuje. Proto\u017ee tou\u017e\u00ed dop\u0159\u00e1t sv\u00e9mu d\u00edt\u011bti jenom to nejlep\u0161\u00ed.                                                                                                                                                                                                                                                                                                                                                                                          2.5\/5 - (2 votes)        "},{"@context":"https:\/\/schema.org\/","@type":"BreadcrumbList","itemListElement":[{"@type":"ListItem","position":1,"name":"Jak se voz\u00ed d\u011bti?","item":"https:\/\/www.ppaa.cz\/jak-se-vozi-deti\/#breadcrumbitem"}]}]