[{"@context":"https:\/\/schema.org\/","@type":"Article","@id":"https:\/\/www.ppaa.cz\/i-vase-domacnost-muze-zarit-barvami\/#Article","mainEntityOfPage":"https:\/\/www.ppaa.cz\/i-vase-domacnost-muze-zarit-barvami\/","headline":"I Va\u0161e dom\u00e1cnost m\u016f\u017ee z\u00e1\u0159it barvami","name":"I Va\u0161e dom\u00e1cnost m\u016f\u017ee z\u00e1\u0159it barvami","description":"Jist\u011b dob\u0159e v\u00edte, \u017ee bez z\u00e1suvek a vyp\u00edna\u010d\u016f se prost\u011b v\u00a0dne\u0161n\u00ed dob\u011b neobejdete. Tyto d\u016fle\u017eit\u00e9 sou\u010d\u00e1sti ka\u017ed\u00e9ho interi\u00e9ru jsou pot\u0159ebn\u00e9 k\u00a0tomu, abyste si mohli r\u00e1no &hellip; ","datePublished":"2018-09-24","dateModified":"2023-05-31","author":{"@type":"Person","@id":"https:\/\/www.ppaa.cz\/author\/#Person","name":"","url":"https:\/\/www.ppaa.cz\/author\/","identifier":1,"image":{"@type":"ImageObject","@id":"https:\/\/secure.gravatar.com\/avatar\/046c8368865b87ac6ea06cde0e0a80b91304a43fe31de210702ad59bbd9a1974?s=96&d=mm&r=g","url":"https:\/\/secure.gravatar.com\/avatar\/046c8368865b87ac6ea06cde0e0a80b91304a43fe31de210702ad59bbd9a1974?s=96&d=mm&r=g","height":96,"width":96}},"publisher":{"@type":"Organization","name":"ppaa.cz","logo":{"@type":"ImageObject","@id":"\/logo.png","url":"\/logo.png","width":600,"height":60}},"image":{"@type":"ImageObject","@id":"https:\/\/www.ppaa.cz\/wp-content\/uploads\/img_a324216_w1899_t1536049538.jpg","url":"https:\/\/www.ppaa.cz\/wp-content\/uploads\/img_a324216_w1899_t1536049538.jpg","height":0,"width":0},"url":"https:\/\/www.ppaa.cz\/i-vase-domacnost-muze-zarit-barvami\/","wordCount":443,"articleBody":"Jist\u011b dob\u0159e v\u00edte, \u017ee bez z\u00e1suvek a vyp\u00edna\u010d\u016f se prost\u011b v\u00a0dne\u0161n\u00ed dob\u011b neobejdete. Tyto d\u016fle\u017eit\u00e9 sou\u010d\u00e1sti ka\u017ed\u00e9ho interi\u00e9ru jsou pot\u0159ebn\u00e9 k\u00a0tomu, abyste si mohli r\u00e1no uva\u0159it k\u00e1vu, op\u00e9ct toust, vyprat pr\u00e1dlo, ve\u010der zapnout televizi \u010di t\u0159eba rozsv\u00edtit lampu a tak d\u00e1le. D\u00edky nim se do v\u0161ech dom\u00e1cnost\u00ed, kancel\u00e1\u0159\u00ed a dal\u0161\u00edch interi\u00e9r\u016f dost\u00e1v\u00e1 elektrick\u00e1 energie, d\u00edky kter\u00e9 funguj\u00ed v\u0161ichni dom\u00e1c\u00ed pomocn\u00edci a dal\u0161\u00ed p\u0159\u00edstroje a stroje.Pr\u00e1v\u011b proto je d\u016fle\u017eit\u00e9 velmi dob\u0159e vyb\u00edrat a samoz\u0159ejm\u011b je tak\u00e9 kvalitn\u011b nainstalovat. Jen\u017ee tyto elektroinstala\u010dn\u00ed prvky nejsou pouze funk\u010dn\u00ed sou\u010d\u00e1st\u00ed Va\u0161ich domov\u016f, ale mohou se st\u00e1t tak\u00e9 interi\u00e9rov\u00fdm dopl\u0148kem. \u0158\u00edk\u00e1te si, \u017ee p\u0159ece vyp\u00edna\u010d nebo z\u00e1suvka nemohou zdobit interi\u00e9r? Ale mohou, pokud si vyberete ty spr\u00e1vn\u00e9 modely od \u0161pi\u010dkov\u00e9ho v\u00fdrobce na trhu s\u00a0elektroinstala\u010dn\u00edm materi\u00e1lem, kter\u00fd se jeho v\u00fdrobou zab\u00fdv\u00e1 ji\u017e po mnoho let.Produkty od tohoto v\u00fdrobce se py\u0161n\u00ed nejen vysokou kvalitou a spolehlivost\u00ed, ale tak\u00e9 velkou odolnost\u00ed a pevnost\u00ed a v\u00a0neposledn\u00ed \u0159ad\u011b tak\u00e9 velmi modern\u00edm designem. Strojky t\u011bchto elektroinstala\u010dn\u00edch prvk\u016f jsou vyr\u00e1b\u011bny v\u00a0z\u00e1kladn\u00edch odst\u00ednech v\u00a0hladk\u00e9 le\u0161t\u011bn\u00e9 povrchov\u00e9 \u00faprav\u011b, ale m\u016f\u017eete je doladit barevn\u00fdmi kryc\u00edmi r\u00e1my v\u00a0r\u016fzn\u00fdch \u0161\u00ed\u0159k\u00e1ch a hlavn\u011b v\u00a0mnoha r\u016fzn\u00fdch odst\u00ednech. I Va\u0161e dom\u00e1cnost m\u016f\u017ee z\u00e1\u0159it barvami.M\u016f\u017eete si tak sladit z\u00e1suvky a vyp\u00edna\u010de s\u00a0celkov\u00fdm vybaven\u00edm Va\u0161eho interi\u00e9ru. V\u00a0ob\u00fdvac\u00edm pokoji m\u016f\u017eete m\u00edt t\u0159eba modr\u00e9 a v\u00a0lo\u017enici zase \u017elut\u00e9 a tak bychom mohli pokra\u010dovat st\u00e1le d\u00e1l a d\u00e1l. Prost\u011b a jednodu\u0161e, u\u017e nemus\u00edte m\u00edt dom\u00e1cnost vybavenou jen nudn\u00fdmi b\u011b\u017en\u00fdmi elektroinstala\u010dn\u00edmi prvky, ale m\u016f\u017eete si po\u0159\u00eddit vysokou kvalitu a spolehlivost v\u00a0mnoha r\u016fzn\u00fdch barevn\u00fdch odst\u00ednech a nechat svou dom\u00e1cnost rozz\u00e1\u0159it.Spolehn\u011bte se, \u017ee i vy si jist\u011b z\u00a0mnoha produktov\u00fdch \u0159ad tohoto skv\u011bl\u00e9ho v\u00fdrobce vyberete. M\u016f\u017eete si po\u0159\u00eddit bu\u010f cel\u00e9 sety nebo jen strojky \u010di jen r\u00e1me\u010dky. M\u016f\u017eete si vybrat z\u00a0mnoha model\u016f vyp\u00edna\u010d\u016f, z\u00e1suvek a samoz\u0159ejm\u011b dal\u0161\u00edho elektroinstala\u010dn\u00edho materi\u00e1lu. Tak jen do toho.                                                                                                                                                                                                                                                                                                                                                                                        4.5\/5 - (11 votes)        "},{"@context":"https:\/\/schema.org\/","@type":"BreadcrumbList","itemListElement":[{"@type":"ListItem","position":1,"name":"I Va\u0161e dom\u00e1cnost m\u016f\u017ee z\u00e1\u0159it barvami","item":"https:\/\/www.ppaa.cz\/i-vase-domacnost-muze-zarit-barvami\/#breadcrumbitem"}]}]