[{"@context":"https:\/\/schema.org\/","@type":"Article","@id":"https:\/\/www.ppaa.cz\/co-se-skryva-ve-vasi-loznici\/#Article","mainEntityOfPage":"https:\/\/www.ppaa.cz\/co-se-skryva-ve-vasi-loznici\/","headline":"Co se skr\u00fdv\u00e1 ve va\u0161\u00ed lo\u017enici?","name":"Co se skr\u00fdv\u00e1 ve va\u0161\u00ed lo\u017enici?","description":"M\u00e1te na sv\u00e9 lo\u017enici ustavi\u010dn\u011b zav\u0159en\u00e9 dve\u0159e a chr\u00e1n\u00edte tuto m\u00edstnost od zv\u011bdav\u00fdch pohled\u016f? V\u011bt\u0161inou d\u016fvodem takov\u00e9ho zav\u00edr\u00e1n\u00ed je bu\u010f po\u0159\u00e1dn\u00fd nepo\u0159\u00e1dek, nebo ochrana sv\u00e9ho &hellip; ","datePublished":"2023-08-14","dateModified":"2023-08-14","author":{"@type":"Person","@id":"https:\/\/www.ppaa.cz\/author\/#Person","name":"","url":"https:\/\/www.ppaa.cz\/author\/","identifier":1,"image":{"@type":"ImageObject","@id":"https:\/\/secure.gravatar.com\/avatar\/046c8368865b87ac6ea06cde0e0a80b91304a43fe31de210702ad59bbd9a1974?s=96&d=mm&r=g","url":"https:\/\/secure.gravatar.com\/avatar\/046c8368865b87ac6ea06cde0e0a80b91304a43fe31de210702ad59bbd9a1974?s=96&d=mm&r=g","height":96,"width":96}},"publisher":{"@type":"Organization","name":"ppaa.cz","logo":{"@type":"ImageObject","@id":"\/logo.png","url":"\/logo.png","width":600,"height":60}},"url":"https:\/\/www.ppaa.cz\/co-se-skryva-ve-vasi-loznici\/","wordCount":237,"articleBody":"M\u00e1te na sv\u00e9 lo\u017enici ustavi\u010dn\u011b zav\u0159en\u00e9 dve\u0159e a chr\u00e1n\u00edte tuto m\u00edstnost od zv\u011bdav\u00fdch pohled\u016f? V\u011bt\u0161inou d\u016fvodem takov\u00e9ho zav\u00edr\u00e1n\u00ed je bu\u010f po\u0159\u00e1dn\u00fd nepo\u0159\u00e1dek, nebo ochrana sv\u00e9ho soukrom\u00ed. Ale pokud m\u00e1te ve sv\u00e9 lo\u017enici, co uk\u00e1zat, byla by velk\u00e1 \u0161koda se n\u011b\u010d\u00edm v\u00fdjime\u010dn\u00fdm nepochlubit. Nap\u0159\u00edklad kvalitn\u00ed lo\u017en\u00ed pr\u00e1dlo. Ur\u010dit\u011b vyraz\u00edte dech n\u00e1dhern\u00fdmi barvami a materi\u00e1ly, ze kter\u00fdch bude va\u0161e povle\u010den\u00ed. Kombinace s ru\u010dn\u00edky, \u010di p\u0159ehozy a kvalitn\u00ed prost\u011bradlo, to teprve budou v\u0161ichni z\u00edrat. A ke v\u0161emu nakupov\u00e1n\u00ed z pohodl\u00ed domova? Tak pro\u010d toho nevyu\u017e\u00edt a lo\u017enici nezdokonalit?\u00dasp\u011bch bude na va\u0161\u00ed stran\u011bJakou v\u00e1hu m\u00e1 tedy ve va\u0161i lo\u017enici, krom\u011b povle\u010den\u00ed, t\u0159eba prost\u011bradlo? Stejn\u011b d\u016fle\u017eitou, jako i ostatn\u00ed prvky lo\u017en\u00edho pr\u00e1dla. Jedin\u011b kompletn\u011b povle\u010den\u00e1 postel ud\u011bl\u00e1 dobr\u00fd dojem. M\u016f\u017eete si pod pe\u0159inu dop\u0159\u00e1t m\u011bkk\u00e9 frot\u00e9, \u010di klasickou plachtu, kter\u00e1 je obohacen\u00e1 n\u00e1dhern\u00fdmi barevn\u00fdmi odst\u00edny. Byl by h\u0159\u00edch nechat si takovou n\u00e1dheru odep\u0159\u00edt a posteli nedop\u0159\u00e1t ten spr\u00e1vn\u00fd design. \u00dasp\u011bch ve va\u0161\u00ed lo\u017enici m\u00e1 na sv\u011bdom\u00ed kvalitn\u00ed lo\u017en\u00ed pr\u00e1dlo.                                                                                                                                                                                                                                                                                                                                                                                        4.6\/5 - (7 votes)        "},{"@context":"https:\/\/schema.org\/","@type":"BreadcrumbList","itemListElement":[{"@type":"ListItem","position":1,"name":"Co se skr\u00fdv\u00e1 ve va\u0161\u00ed lo\u017enici?","item":"https:\/\/www.ppaa.cz\/co-se-skryva-ve-vasi-loznici\/#breadcrumbitem"}]}]