[{"@context":"https:\/\/schema.org\/","@type":"Article","@id":"https:\/\/www.ppaa.cz\/cista-domacnost\/#Article","mainEntityOfPage":"https:\/\/www.ppaa.cz\/cista-domacnost\/","headline":"\u010cist\u00e1 dom\u00e1cnost","name":"\u010cist\u00e1 dom\u00e1cnost","description":"M\u00edt \u010distou a kr\u00e1snou dom\u00e1cnost,\u00a0to by si p\u0159\u00e1l asi ka\u017ed\u00fd \u010dlov\u011bk. J\u00e1 v\u00e1\u017en\u011b nezn\u00e1m nikoho, kdo by mi \u0159ekl, \u017ee je mu \u00fapln\u011b jedno, jakou &hellip; ","datePublished":"2024-09-30","dateModified":"2024-09-30","author":{"@type":"Person","@id":"https:\/\/www.ppaa.cz\/author\/#Person","name":"","url":"https:\/\/www.ppaa.cz\/author\/","identifier":1,"image":{"@type":"ImageObject","@id":"https:\/\/secure.gravatar.com\/avatar\/046c8368865b87ac6ea06cde0e0a80b91304a43fe31de210702ad59bbd9a1974?s=96&d=mm&r=g","url":"https:\/\/secure.gravatar.com\/avatar\/046c8368865b87ac6ea06cde0e0a80b91304a43fe31de210702ad59bbd9a1974?s=96&d=mm&r=g","height":96,"width":96}},"publisher":{"@type":"Organization","name":"ppaa.cz","logo":{"@type":"ImageObject","@id":"\/logo.png","url":"\/logo.png","width":600,"height":60}},"image":{"@type":"ImageObject","@id":"https:\/\/www.ppaa.cz\/wp-content\/uploads\/laundry-5712341_1280.jpg","url":"https:\/\/www.ppaa.cz\/wp-content\/uploads\/laundry-5712341_1280.jpg","height":0,"width":0},"url":"https:\/\/www.ppaa.cz\/cista-domacnost\/","about":["Dom\u00e1cnost"],"wordCount":422,"articleBody":"M\u00edt \u010distou a kr\u00e1snou dom\u00e1cnost,\u00a0to by si p\u0159\u00e1l asi ka\u017ed\u00fd \u010dlov\u011bk. J\u00e1 v\u00e1\u017en\u011b nezn\u00e1m nikoho, kdo by mi \u0159ekl, \u017ee je mu \u00fapln\u011b jedno, jakou dom\u00e1cnost m\u00edt bude. A tak\u00e9 hlavn\u011b z\u00e1le\u017e\u00ed na tom, jac\u00ed\u00a0\u010dlenov\u00e9 rodiny v t\u00e9to dom\u00e1cnosti \u017eij\u00ed. T\u0159eba n\u011bkter\u00fd \u010dlen dom\u00e1cnosti by\u00a0to cht\u011bl m\u00edt doma \u00fapln\u011b hodn\u011b \u010dist\u00e9 a m\u00edt steriln\u00ed dom\u00e1cnost. Jenom\u017ee potom jsou tady lid\u00e9, kter\u00fdm je \u00fapln\u011b fuk, jakou dom\u00e1cnost m\u00edt budou, jestli v dom\u00e1cnosti budou m\u00edt nepo\u0159\u00e1dek anebo uklizeno\u00a0nebo jestli tam budou m\u00edt opravdu steriln\u00ed prost\u0159ed\u00ed. Abych \u0159ekla pravdu, tak nepo\u0159\u00e1dek a steriln\u00ed prost\u0159ed\u00ed se nehod\u00ed a ni jedno. A\u00a0nen\u00ed to podle m\u00e9ho n\u00e1zoru spr\u00e1vn\u00e9, ale asi kdybych si m\u011bla vybrat, jestli budu m\u00edt po\u0159\u00e1dek nebo jestli nepo\u0159\u00e1dek, tak bych si ur\u010dit\u011b vybrala steriln\u00ed prost\u0159ed\u00ed. Je to mnohokr\u00e1t lep\u0161\u00ed, ne\u017e m\u00edt doma n\u011bjak\u00fd nepo\u0159\u00e1dek a n\u011bjakou \u0161p\u00ednu, ale tak\u00e9 je rozd\u00edl, kdy\u017e m\u00e1te v dom\u00e1cnosti nepo\u0159\u00e1dek anebo \u0161p\u00ednu. Nepo\u0159\u00e1dek znamen\u00e1, \u017ee m\u00e1te t\u0159eba \u00fapln\u011b \u010distou dom\u00e1cnost, t\u00e9m\u011b\u0159 hygienicky \u010distou, ale m\u00e1te tam rozh\u00e1zen\u00e9 v\u011bci anebo n\u00e1dob\u00ed a tak podobn\u011b. Nebo hlavn\u011b d\u011bti tam maj\u00ed rozh\u00e1zen\u00e9 hra\u010dky. To je potom nepo\u0159\u00e1dek, kter\u00fd se d\u00e1 t\u0159eba b\u011bhem hodiny uklidit, ale kdy\u017e tam m\u00e1te \u0161p\u00ednu a pl\u00edse\u0148, tak to je potom opravdu u\u017e zdrav\u00ed nebezpe\u010dn\u00e9. J\u00e1 bych doma v dom\u00e1cnosti v\u016fbec necht\u011bla m\u00edt \u0161p\u00ednu, hlavn\u011b ne pl\u00edse\u0148. M\u016fj syn je astmatik, a tak u n\u00e1s v dom\u00e1cnosti mus\u00ed b\u00fdt v\u017edycky opravdu dob\u0159e uklizeno a tak\u00e9 jsme si do dom\u00e1cnosti po\u0159\u00eddili \u010disti\u010dku vzduchu. J\u00e1 nebudu riskovat, \u017ee potom syn bude st\u00e1le\u00a0nemocn\u00fd anebo se mu zhor\u0161\u00ed jeho astma. Z toho bych byla opravdu hodn\u011b ne\u0161\u0165astn\u00e1. A v\u016fbec nikdy bych si tohle neodpustila. Proto jsem si \u0159ekla, \u017ee nejlep\u0161\u00ed je, kdy\u017e v dom\u00e1cnosti tak\u00e9 bude n\u011bjak\u00fd syst\u00e9m \u00faklidu. V\u0161ichni se st\u0159\u00edd\u00e1me v \u00faklidu, j\u00e1, partner, a dokonce i na\u0161e nejstar\u0161\u00ed dcera. N\u00e1\u0161 syn je opravdu je\u0161t\u011b moc mal\u00fd a neukl\u00edz\u00ed. A nav\u00edc ani nechci, kdy\u017e m\u00e1 astma. A douf\u00e1m, \u017ee se mu to zlep\u0161\u00ed.\u00a0                                                                                                                                                                                                                                                                                                                                                                                        5\/5 - (1 vote)        "},{"@context":"https:\/\/schema.org\/","@type":"BreadcrumbList","itemListElement":[{"@type":"ListItem","position":1,"name":"\u010cist\u00e1 dom\u00e1cnost","item":"https:\/\/www.ppaa.cz\/cista-domacnost\/#breadcrumbitem"}]}]