[{"@context":"https:\/\/schema.org\/","@type":"Article","@id":"https:\/\/www.ppaa.cz\/ceska-filharmonie-pycha-ceska\/#Article","mainEntityOfPage":"https:\/\/www.ppaa.cz\/ceska-filharmonie-pycha-ceska\/","headline":"\u010cesk\u00e1 filharmonie \u2013 p\u00fdcha \u010ceska","name":"\u010cesk\u00e1 filharmonie \u2013 p\u00fdcha \u010ceska","description":"\u010cesk\u00e1 filharmonie byla zalo\u017eena u\u017e v roce 1896, kdy se v lednu t\u00e9ho\u017e roku konal zahajovac\u00ed koncert pod veden\u00edm samotn\u00e9ho velik\u00e1na Anton\u00edna Dvo\u0159\u00e1ka. Za 120 &hellip; ","datePublished":"2023-05-31","dateModified":"2023-05-31","author":{"@type":"Person","@id":"https:\/\/www.ppaa.cz\/author\/#Person","name":"","url":"https:\/\/www.ppaa.cz\/author\/","identifier":1,"image":{"@type":"ImageObject","@id":"https:\/\/secure.gravatar.com\/avatar\/046c8368865b87ac6ea06cde0e0a80b91304a43fe31de210702ad59bbd9a1974?s=96&d=mm&r=g","url":"https:\/\/secure.gravatar.com\/avatar\/046c8368865b87ac6ea06cde0e0a80b91304a43fe31de210702ad59bbd9a1974?s=96&d=mm&r=g","height":96,"width":96}},"publisher":{"@type":"Organization","name":"ppaa.cz","logo":{"@type":"ImageObject","@id":"\/logo.png","url":"\/logo.png","width":600,"height":60}},"image":{"@type":"ImageObject","@id":"https:\/\/www.ppaa.cz\/wp-content\/uploads\/img_a329106_w2674_t1541413916.jpg","url":"https:\/\/www.ppaa.cz\/wp-content\/uploads\/img_a329106_w2674_t1541413916.jpg","height":0,"width":0},"url":"https:\/\/www.ppaa.cz\/ceska-filharmonie-pycha-ceska\/","wordCount":361,"articleBody":" \u010cesk\u00e1 filharmonie byla zalo\u017eena u\u017e v roce 1896, kdy se v lednu t\u00e9ho\u017e roku konal zahajovac\u00ed koncert pod veden\u00edm samotn\u00e9ho velik\u00e1na Anton\u00edna Dvo\u0159\u00e1ka. Za 120 let jej\u00ed existence si pro\u0161la stejn\u011b jako v\u0161e \u0159adami zm\u011bn. Je v\u0161ak velmi pot\u011b\u0161uj\u00edc\u00ed, \u017ee zat\u00edmco se m\u011bn\u00ed hr\u00e1\u010di a dirigenti, jej\u00ed kvality z\u016fst\u00e1vaj\u00ed st\u00e1le na vynikaj\u00edc\u00ed \u00farovni.  Je nutno si uv\u011bdomit, \u017ee tento fakt nen\u00ed ani \u017e\u00e1dn\u00e9 p\u0159ekvapen\u00ed. Tradice hudby v \u010cech\u00e1ch a na Morav\u011b zasahuje a\u017e do hudebn\u00ed renesance, tedy 15. stolet\u00ed. Od t\u00e9 doby st\u00e1le p\u0159ib\u00fdvaj\u00ed nejen v\u00fdborn\u00ed skladatel\u00e9 (Dus\u00edk, Dvo\u0159\u00e1k, Smetana, Martin\u016f, Jan\u00e1\u010dek, Haas, Je\u017eek, Slavick\u00fd\u2026), ale tak\u00e9 interpreti, kte\u0159\u00ed pronikaj\u00ed do cel\u00e9ho sv\u011bta a vyhr\u00e1vaj\u00ed mezin\u00e1rodn\u00ed sout\u011b\u017ee (Vondr\u00e1\u010dek, Kl\u00e1nsk\u00fd, Kas\u00edk). Pot\u00e9, co 31. kv\u011btna 2015 ne\u010dekan\u011b zem\u0159el \u0161\u00e9fdirigent \u010cesk\u00e9 filharmonie Ji\u0159\u00ed B\u011blohl\u00e1vek, nastupuje na jeho post Semjon By\u010dkov. Ten se ujal opravdu t\u011b\u017ek\u00e9ho \u00fakolu. P\u0159edchoz\u00ed \u0161\u00e9fdirigent toti\u017e dok\u00e1zal filharmonii dostat na opravdu sv\u011btovou \u00farove\u0148. Nejen\u017ee dostal do orchestru hr\u00e1\u010de sv\u011btov\u00fdch rozm\u011br\u016f a sesb\u00edral mnoho \u00fasp\u011bch\u016f, poda\u0159ilo se mu dokonce za\u0159\u00eddit turn\u00e9 do USA, kter\u00e9 zahrnovalo koncert v Carnegie Hall. Pro\u010d je turn\u00e9 v USA tak presti\u017en\u00ed z\u00e1le\u017eitost? Pro evropsk\u00e9 orchestry jsou toti\u017e tato turn\u00e9 finan\u010dn\u011b extr\u00e9mn\u011b n\u00e1kladn\u00e1. I p\u0159es vyprodan\u00e9 s\u00e1ly jsou proto prod\u011ble\u010dn\u00e1 \u2013 mohou si je tak dovolit pouze orchestry na nejvy\u0161\u0161\u00ed \u00farovni.  Sou\u010dasn\u00fd \u0161\u00e9fdirigent Semjon By\u010dkov se ale role zhostil v\u00fdborn\u011b. D\u00e1v\u00e1 zv\u00fd\u0161enou pozornost d\u00e9lce p\u0159\u00edpravy skladeb. Znamen\u00e1 to, \u017ee skladbu, kter\u00e1 se m\u00e1 hr\u00e1t v \u0159\u00edjnu, za\u010dne s orchestrem zkou\u0161et u\u017e v \u00fanoru, aby m\u011bl jistotu, \u017ee proveden\u00ed bude co nejlep\u0161\u00ed. Orchestr tak dosahuje kvalit n\u011bmeck\u00fdch, extr\u00e9mn\u011b p\u0159esn\u00fdch orchestr\u016f, ale na druhou stranu bezkonkuren\u010dn\u00edch barev. Pokud si chcete dop\u0159\u00e1t kulturn\u00ed z\u00e1\u017eitek, na kter\u00fd jen tak nezapomenete, \u010cesk\u00e1 filharmonie v\u00e1s rozhodn\u011b nezklame.                                                                                                                                                                                                                                                                                                                                                                                         4.2\/5 - (9 votes)        "},{"@context":"https:\/\/schema.org\/","@type":"BreadcrumbList","itemListElement":[{"@type":"ListItem","position":1,"name":"\u010cesk\u00e1 filharmonie \u2013 p\u00fdcha \u010ceska","item":"https:\/\/www.ppaa.cz\/ceska-filharmonie-pycha-ceska\/#breadcrumbitem"}]}]